[{"command":"settings","settings":{"basePath":"\/","pathPrefix":"es\/","setHasJsCookie":0,"ajaxPageState":{"theme":"bcn","theme_token":"XfCTcgo_uFEc5Kgdi0MPs_EzA0b9gr8Bgi5a53IDNlY","jquery_version":"1.10"},"base_url":"https:\/\/www.ciutatrefugi.barcelona","carpeta":"https:\/\/www.ciutatrefugi.barcelona\/sites\/all\/modules\/asia_2.0","alcadamap":353,"lang":"es","barris":{"Ciutat Vella":["la Barceloneta","el Barri G\u00f2tic","el Raval","Sant Pere, Santa Caterina i la Ribera"],"Eixample":["l\u0027Antiga Esquerra de l\u0027Eixample","la Nova Esquerra de l\u0027Eixample","Dreta de l\u0027Eixample","el Fort Pienc","Sagrada Fam\u00edlia","Sant Antoni"],"Sants-Montju\u00efc":["la Bordeta","la Font de la Guatlla","Hostafrancs","la Marina de Port","la Marina del Prat Vermell","el Poble-sec","Sants","Sants - Badal"],"Les Corts":["Les Corts","la Maternitat i Sant Ramon","Pedralbes"],"Sarri\u00e0-Sant Gervasi":["el Putget i Farr\u00f3","Sarri\u00e0","Sant Gervasi - la Bonanova","Sant Gervasi - Galvany","les Tres Torres","Vallvidrera, el Tibidabo i les Planes"],"Gr\u00e0cia":["la Vila de Gr\u00e0cia","Camp d\u0027en Grassot i Gr\u00e0cia Nova","la Salut","el Coll","Vallcarca i els Penitents"],"Horta-Guinard\u00f3":["el Baix Guinard\u00f3","el Guinard\u00f3","Can Bar\u00f3","el Carmel","la Font d\u0027en Fargues","Horta","la Clota","Montbau","Sant Gen\u00eds dels Agudells","la Teixonera","la Vall d\u0027Hebron"],"Nou Barris":["Can Peguera","Canyelles","Ciutat Meridiana","la Guineueta","Porta","Prosperitat","les Roquetes","Torre Bar\u00f3","la Trinitat Nova","el Tur\u00f3 de la Peira","Vallbona","Verdum","Vilapicina i la Torre Llobeta"],"Sant Andreu":["Bar\u00f3 de Viver","Bon Pastor","el Congr\u00e9s i els Indians","Navas","Sant Andreu de Palomar","la Sagrera","Trinitat Vella"],"Sant Mart\u00ed":["el Bes\u00f2s i el Maresme","el Clot","el Camp de l\u0027Arpa del Clot","Diagonal Mar-Front Mar\u00edtim del Poblenou","el Parc i la Llacuna del Poblenou","el Poblenou","Proven\u00e7als del Poblenou","Sant Mart\u00ed de Proven\u00e7als","la Verneda i la Pau","la Vila Ol\u00edmpica del Poblenou"]},"literals":["Selecciona un barrio","Selecciona una especialidad"],"ajax":{"ajax-link":{"wrapper":"block-actulitat1","method":"replaceWith","effect":"fade","event":"click","url":"\/es\/bcn_news_ajax_block\/1\/1"},"ajax-link--2":{"wrapper":"block-actulitat1","method":"replaceWith","effect":"fade","event":"click","url":"\/es\/bcn_news_ajax_block\/3\/1"}},"urlIsAjaxTrusted":{"\/es\/bcn_news_ajax_block\/1\/1":true,"\/es\/bcn_news_ajax_block\/3\/1":true}},"merge":true},{"command":"insert","method":"replaceWith","selector":"#block-actulitat1 .block-content","data":"\r\n\r\n          \u003Cdiv class=\u0022block-content\u0022 page=\u0022page-2\u0022\u003E\r\n                                                                      \r\n          \u003Cdiv class=\u0022item new-item-1648311  destacat col-0\u0022\u003E\r\n            \u003Cdiv\u003E\r\n                                                          \r\n              \r\n                              \u003Cdiv class=\u0022media-destacat\u0022\u003E\r\n                  \u003Cdiv class=\u0022embed-responsive embed-responsive-16by9\u0022\u003E\r\n                    \u003Cimg src=\u0022https:\/\/pro-gestornoticies-dtibcn-cat.s3.amazonaws.com\/gestornoticies-pro\/media\/un-infant-mira-a-traves-de-les-portes-570x321.jpg\u0022\r\n                         class=\u0022embed-responsive-item\u0022\r\n                         alt=\u0022Presentaci\u00f3 del nou centre d\u2019atenci\u00f3 social d\u2019emerg\u00e8ncia\u0022\r\n                         style=\u0022max-width: 100%; max-height:100%\u0022\r\n                      \/\u003E\r\n                  \u003C\/div\u003E\r\n                \u003C\/div\u003E\r\n              \r\n              \u003Cdiv class=\u0022media-content\u0022\u003E\r\n                \u003Ch3\u003E\u003Ca href=\u0022\/es\/noticia\/la-atencion-municipal-a-las-personas-refugiadas-balance-y-servicios_1648311\u0022\u003ELa atenci\u00f3n municipal a las personas refugiadas: balance y servicios\u003C\/a\u003E\u003C\/h3\u003E\r\n                \u003Cp class=\u0022date-new\u0022\u003E19\/06\/2026 - 12:08\u003C\/p\u003E\r\n                \u003Cp class=\u0022text-new\u0022\u003E\r\n                                    El D\u00eda Mundial del Refugiado tiene como objetivo visibilizar la situaci\u00f3n de las personas refugiadas y recordar la necesidad de garantizar su protecci\u00f3n y sus derechos.                \u003C\/p\u003E\r\n                              \u003C\/div\u003E \u003C!-- \/.media-content --\u003E\r\n            \u003C\/div\u003E\r\n          \u003C\/div\u003E \u003C!-- \/.item --\u003E\r\n\r\n                                                                      \r\n          \u003Cdiv class=\u0022item new-item-1585132  destacat col-1\u0022\u003E\r\n            \u003Cdiv\u003E\r\n                                                          \r\n              \r\n                              \u003Cdiv class=\u0022media-destacat\u0022\u003E\r\n                  \u003Cdiv class=\u0022embed-responsive embed-responsive-16by9\u0022\u003E\r\n                    \u003Cimg src=\u0022https:\/\/pro-gestornoticies-dtibcn-cat.s3.amazonaws.com\/gestornoticies-pro\/media\/uns-joves-participen-en-una-reunio-de-1-570x321.jpg\u0022\r\n                         class=\u0022embed-responsive-item\u0022\r\n                         alt=\u0022\u0022\r\n                         style=\u0022max-width: 100%; max-height:100%\u0022\r\n                      \/\u003E\r\n                  \u003C\/div\u003E\r\n                \u003C\/div\u003E\r\n              \r\n              \u003Cdiv class=\u0022media-content\u0022\u003E\r\n                \u003Ch3\u003E\u003Ca href=\u0022\/es\/noticia\/barcelona-impulsa-servicios-para-garantizar-derechos-y-oportunidades-a-la-poblacion-migrada_1585132\u0022\u003EBarcelona impulsa servicios para garantizar derechos y oportunidades a la poblaci\u00f3n migrada\u003C\/a\u003E\u003C\/h3\u003E\r\n                \u003Cp class=\u0022date-new\u0022\u003E18\/12\/2025 - 10:21\u003C\/p\u003E\r\n                \u003Cp class=\u0022text-new\u0022\u003E\r\n                                    En el D\u00eda Mundial del Migrante, el Ayuntamiento destaca la importancia entender las migraciones y desplegar pol\u00edticas municipales que garanticen derechos, igualdad de oportunidades y una inclusi\u00f3n real para todo el mundo.                \u003C\/p\u003E\r\n                              \u003C\/div\u003E \u003C!-- \/.media-content --\u003E\r\n            \u003C\/div\u003E\r\n          \u003C\/div\u003E \u003C!-- \/.item --\u003E\r\n\r\n        \r\n      \u003C\/div\u003E \u003C!-- \/.block-content --\u003E\r\n\r\n      \r\n    \r\n","settings":null},{"command":"insert","method":"replaceWith","selector":"#block-actulitat1 .navegacio-news","data":"\r\n  \u003Cdiv class=\u0022navegacio-news\u0022\u003E\r\n    \u003Cul class=\u0022pager\u0022\u003E\r\n      \u003Cli class=\u0022pager-prev\u0022\u003E\u003Ca href=\u0022\/es\/bcn_news_ajax_block\/1\/1\u0022 id=\u0022ajax-link\u0022\u003EPrev.\u003C\/a\u003E\u003C\/li\u003E      \u003Cli class=\u0022pager-next\u0022\u003E\u003Ca href=\u0022\/es\/bcn_news_ajax_block\/3\/1\u0022 id=\u0022ajax-link--2\u0022\u003ESiguiente\u003C\/a\u003E\u003C\/li\u003E    \u003C\/ul\u003E\r\n        \u003Cp\u003E\u003Ca href=\u0022\/es\/noticies?nr=11\u0026amp;lg=es\u0026amp;canal=ciutat-refugi\u0026amp;block_id=1\u0022 class=\u0022altres-link\u0022\u003ETodas las noticias\u003C\/a\u003E\u003C\/p\u003E\r\n  \u003C\/div\u003E\r\n","settings":null}]