[{"command":"settings","settings":{"basePath":"\/","pathPrefix":"en\/","setHasJsCookie":0,"ajaxPageState":{"theme":"bcn","theme_token":"Qd0cs_AHgi-Gf6ADUugzpF58IpFciGNEnVgn3NfXKXE","jquery_version":"1.10"},"base_url":"https:\/\/www.ciutatrefugi.barcelona","carpeta":"https:\/\/www.ciutatrefugi.barcelona\/sites\/all\/modules\/asia_2.0","alcadamap":353,"lang":"en","barris":{"Ciutat Vella":["la Barceloneta","el Barri G\u00f2tic","el Raval","Sant Pere, Santa Caterina i la Ribera"],"Eixample":["l\u0027Antiga Esquerra de l\u0027Eixample","la Nova Esquerra de l\u0027Eixample","Dreta de l\u0027Eixample","el Fort Pienc","Sagrada Fam\u00edlia","Sant Antoni"],"Sants-Montju\u00efc":["la Bordeta","la Font de la Guatlla","Hostafrancs","la Marina de Port","la Marina del Prat Vermell","el Poble-sec","Sants","Sants - Badal"],"Les Corts":["Les Corts","la Maternitat i Sant Ramon","Pedralbes"],"Sarri\u00e0-Sant Gervasi":["el Putget i Farr\u00f3","Sarri\u00e0","Sant Gervasi - la Bonanova","Sant Gervasi - Galvany","les Tres Torres","Vallvidrera, el Tibidabo i les Planes"],"Gr\u00e0cia":["la Vila de Gr\u00e0cia","Camp d\u0027en Grassot i Gr\u00e0cia Nova","la Salut","el Coll","Vallcarca i els Penitents"],"Horta-Guinard\u00f3":["el Baix Guinard\u00f3","el Guinard\u00f3","Can Bar\u00f3","el Carmel","la Font d\u0027en Fargues","Horta","la Clota","Montbau","Sant Gen\u00eds dels Agudells","la Teixonera","la Vall d\u0027Hebron"],"Nou Barris":["Can Peguera","Canyelles","Ciutat Meridiana","la Guineueta","Porta","Prosperitat","les Roquetes","Torre Bar\u00f3","la Trinitat Nova","el Tur\u00f3 de la Peira","Vallbona","Verdum","Vilapicina i la Torre Llobeta"],"Sant Andreu":["Bar\u00f3 de Viver","Bon Pastor","el Congr\u00e9s i els Indians","Navas","Sant Andreu de Palomar","la Sagrera","Trinitat Vella"],"Sant Mart\u00ed":["el Bes\u00f2s i el Maresme","el Clot","el Camp de l\u0027Arpa del Clot","Diagonal Mar-Front Mar\u00edtim del Poblenou","el Parc i la Llacuna del Poblenou","el Poblenou","Proven\u00e7als del Poblenou","Sant Mart\u00ed de Proven\u00e7als","la Verneda i la Pau","la Vila Ol\u00edmpica del Poblenou"]},"literals":["Select a neighbourhood","Select a speciality"],"ajax":{"ajax-link":{"wrapper":"block-actulitat3","method":"replaceWith","effect":"fade","event":"click","url":"\/en\/bcn_news_ajax_block\/3\/3"}},"urlIsAjaxTrusted":{"\/en\/bcn_news_ajax_block\/3\/3":true}},"merge":true},{"command":"insert","method":"replaceWith","selector":"#block-actulitat3 .next-content","data":"\r\n\r\n          \u003Cdiv class=\u0022block-content\u0022 page=\u0022page-2\u0022\u003E\r\n                                                                      \r\n                    \u003Cdiv class=\u0022item new-item-1546425  destacat col-0\u0022\u003E\r\n            \u003Cdiv\u003E\r\n                                                          \r\n              \r\n                              \u003Cdiv class=\u0022media-destacat\u0022\u003E\r\n                  \u003Cdiv class=\u0022embed-responsive embed-responsive-16by9\u0022\u003E\r\n                    \u003Cimg src=\u0022https:\/\/pro-gestornoticies-dtibcn-cat.s3.amazonaws.com\/gestornoticies-pro\/media\/IMG_09091-570x321_avx6Rfp.jpg\u0022\r\n                         class=\u0022embed-responsive-item\u0022\r\n                         alt=\u0022IMG_0909(1)\u0022\r\n                         style=\u0022max-width: 100%; max-height:100%\u0022\r\n                      \/\u003E\r\n                  \u003C\/div\u003E\r\n                \u003C\/div\u003E\r\n              \r\n              \u003Cdiv class=\u0022media-content\u0022\u003E\r\n                \u003Ch3\u003E\u003Ca href=\u0022\/en\/noticia\/gaza-and-the-cities-of-palestine-become-barcelonas-district-11_1546425\u0022\u003EGaza and the cities of Palestine become Barcelona\u2019s District 11\u003C\/a\u003E\u003C\/h3\u003E\r\n                \u003Cp class=\u0022date-new\u0022\u003ETue, 26\/08\/2025 - 16:05\u003C\/p\u003E\r\n                \u003Cp class=\u0022text-new\u0022\u003E\r\n                                    Humanitarian aid contributions to UNRWA will be doubled.                \u003C\/p\u003E\r\n                              \u003C\/div\u003E \u003C!-- \/.media-content --\u003E\r\n            \u003C\/div\u003E\r\n          \u003C\/div\u003E \u003C!-- \/.item --\u003E\r\n\r\n                                                                      \r\n                        \u003Cdiv class=\u0022destacats-col2\u0022\u003E\r\n                    \u003Cdiv class=\u0022item new-item-1546244  destacat col-1\u0022\u003E\r\n            \u003Cdiv\u003E\r\n                                                          \r\n              \r\n                              \u003Cdiv class=\u0022media-destacat\u0022\u003E\r\n                  \u003Cdiv class=\u0022embed-responsive embed-responsive-16by9\u0022\u003E\r\n                    \u003Cimg src=\u0022https:\/\/pro-gestornoticies-dtibcn-cat.s3.amazonaws.com\/gestornoticies-pro\/media\/RI_Collboni_UNRWA_agost2025-570x321.jpg\u0022\r\n                         class=\u0022embed-responsive-item\u0022\r\n                         alt=\u0022\u0022\r\n                         style=\u0022max-width: 100%; max-height:100%\u0022\r\n                      \/\u003E\r\n                  \u003C\/div\u003E\r\n                \u003C\/div\u003E\r\n              \r\n              \u003Cdiv class=\u0022media-content\u0022\u003E\r\n                \u003Ch3\u003E\u003Ca href=\u0022\/en\/noticia\/barcelona-to-double-its-emergency-humanitarian-aid-contribution-to-unrwa-in-support-of-the-population-of-gaza-and-palestinian-refugees_1546244\u0022\u003EBarcelona to double its emergency humanitarian aid contribution to UNRWA in support of the population of Gaza and Palestinian refugees\u003C\/a\u003E\u003C\/h3\u003E\r\n                \u003Cp class=\u0022date-new\u0022\u003ETue, 26\/08\/2025 - 11:42\u003C\/p\u003E\r\n                \u003Cp class=\u0022text-new\u0022\u003E\r\n                                    Mayor Jaume Collboni announced that the financial contribution to UNRWA will rise from the current \u20ac200,000 to \u20ac400,000.                \u003C\/p\u003E\r\n                              \u003C\/div\u003E \u003C!-- \/.media-content --\u003E\r\n            \u003C\/div\u003E\r\n          \u003C\/div\u003E \u003C!-- \/.item --\u003E\r\n\r\n                                                \r\n                    \u003Cdiv class=\u0022item new-item-1514319 \u0022\u003E\r\n            \u003Cdiv\u003E\r\n                                                          \r\n              \r\n                              \u003Cdiv class=\u0022media-destacat\u0022\u003E\r\n                  \u003Cdiv class=\u0022embed-responsive embed-responsive-16by9\u0022\u003E\r\n                    \u003Cimg src=\u0022https:\/\/pro-gestornoticies-dtibcn-cat.s3.amazonaws.com\/gestornoticies-pro\/media\/IMG_1115-570x321.jpg\u0022\r\n                         class=\u0022embed-responsive-item\u0022\r\n                         alt=\u0022\u0022\r\n                         style=\u0022max-width: 100%; max-height:100%\u0022\r\n                      \/\u003E\r\n                  \u003C\/div\u003E\r\n                \u003C\/div\u003E\r\n              \r\n              \u003Cdiv class=\u0022media-content\u0022\u003E\r\n                \u003Ch3\u003E\u003Ca href=\u0022\/en\/noticia\/anti-racist-advisory-council-constituted_1514319\u0022\u003EAnti-Racist Advisory Council constituted\u003C\/a\u003E\u003C\/h3\u003E\r\n                \u003Cp class=\u0022date-new\u0022\u003EMon, 12\/05\/2025 - 16:56\u003C\/p\u003E\r\n                \u003Cp class=\u0022text-new\u0022\u003E\r\n                                    An advisory body made up of twenty experts in the area of racism, interculturalty and equality will advise the City Council on drafting the Barcelona Anti-Racism Plan 2025-2035.                \u003C\/p\u003E\r\n                              \u003C\/div\u003E \u003C!-- \/.media-content --\u003E\r\n            \u003C\/div\u003E\r\n          \u003C\/div\u003E \u003C!-- \/.item --\u003E\r\n\r\n                \u003C\/div\u003E\r\n\r\n      \u003C\/div\u003E \u003C!-- \/.block-content --\u003E\r\n\r\n      \r\n    \r\n","settings":null},{"command":"insert","method":"before","selector":"#block-actulitat3 .navegacio-news","data":"\u003Cdiv class=\u0022next-content\u0022\u003E\u003C\/div\u003E","settings":null},{"command":"insert","method":"replaceWith","selector":"#block-actulitat3 .navegacio-news","data":"\r\n  \u003Cdiv class=\u0022navegacio-news\u0022\u003E\r\n    \u003Cul class=\u0022pager\u0022\u003E\r\n                \u003C\/ul\u003E\r\n    \u003Cp\u003E\u003Ca href=\u0022\/en\/bcn_news_ajax_block\/3\/3\u0022 id=\u0022ajax-link\u0022\u003EMore news\u003C\/a\u003E\u003C\/p\u003E    \u003Cp\u003E\u003Ca href=\u0022\/en\/noticies?nr=11\u0026amp;lg=en\u0026amp;canal=ciutat-refugi\u0026amp;block_id=3\u0022 class=\u0022altres-link\u0022\u003EAll latest news\u003C\/a\u003E\u003C\/p\u003E\r\n  \u003C\/div\u003E\r\n","settings":null}]