[{"command":"settings","settings":{"basePath":"\/","pathPrefix":"en\/","setHasJsCookie":0,"ajaxPageState":{"theme":"bcn","theme_token":"c7XcTwOItXuDTlS9PF0TB3H7UQmqI3NnffEnf-hVRS8","jquery_version":"1.10"},"base_url":"https:\/\/www.ciutatrefugi.barcelona","carpeta":"https:\/\/www.ciutatrefugi.barcelona\/sites\/all\/modules\/asia_2.0","alcadamap":353,"lang":"en","barris":{"Ciutat Vella":["la Barceloneta","el Barri G\u00f2tic","el Raval","Sant Pere, Santa Caterina i la Ribera"],"Eixample":["l\u0027Antiga Esquerra de l\u0027Eixample","la Nova Esquerra de l\u0027Eixample","Dreta de l\u0027Eixample","el Fort Pienc","Sagrada Fam\u00edlia","Sant Antoni"],"Sants-Montju\u00efc":["la Bordeta","la Font de la Guatlla","Hostafrancs","la Marina de Port","la Marina del Prat Vermell","el Poble-sec","Sants","Sants - Badal"],"Les Corts":["Les Corts","la Maternitat i Sant Ramon","Pedralbes"],"Sarri\u00e0-Sant Gervasi":["el Putget i Farr\u00f3","Sarri\u00e0","Sant Gervasi - la Bonanova","Sant Gervasi - Galvany","les Tres Torres","Vallvidrera, el Tibidabo i les Planes"],"Gr\u00e0cia":["la Vila de Gr\u00e0cia","Camp d\u0027en Grassot i Gr\u00e0cia Nova","la Salut","el Coll","Vallcarca i els Penitents"],"Horta-Guinard\u00f3":["el Baix Guinard\u00f3","el Guinard\u00f3","Can Bar\u00f3","el Carmel","la Font d\u0027en Fargues","Horta","la Clota","Montbau","Sant Gen\u00eds dels Agudells","la Teixonera","la Vall d\u0027Hebron"],"Nou Barris":["Can Peguera","Canyelles","Ciutat Meridiana","la Guineueta","Porta","Prosperitat","les Roquetes","Torre Bar\u00f3","la Trinitat Nova","el Tur\u00f3 de la Peira","Vallbona","Verdum","Vilapicina i la Torre Llobeta"],"Sant Andreu":["Bar\u00f3 de Viver","Bon Pastor","el Congr\u00e9s i els Indians","Navas","Sant Andreu de Palomar","la Sagrera","Trinitat Vella"],"Sant Mart\u00ed":["el Bes\u00f2s i el Maresme","el Clot","el Camp de l\u0027Arpa del Clot","Diagonal Mar-Front Mar\u00edtim del Poblenou","el Parc i la Llacuna del Poblenou","el Poblenou","Proven\u00e7als del Poblenou","Sant Mart\u00ed de Proven\u00e7als","la Verneda i la Pau","la Vila Ol\u00edmpica del Poblenou"]},"literals":["Select a neighbourhood","Select a speciality"],"ajax":{"ajax-link":{"wrapper":"block-actulitat1","method":"replaceWith","effect":"fade","event":"click","url":"\/en\/bcn_news_ajax_block\/1\/1"},"ajax-link--2":{"wrapper":"block-actulitat1","method":"replaceWith","effect":"fade","event":"click","url":"\/en\/bcn_news_ajax_block\/3\/1"}},"urlIsAjaxTrusted":{"\/en\/bcn_news_ajax_block\/1\/1":true,"\/en\/bcn_news_ajax_block\/3\/1":true}},"merge":true},{"command":"insert","method":"replaceWith","selector":"#block-actulitat1 .block-content","data":"\r\n\r\n          \u003Cdiv class=\u0022block-content\u0022 page=\u0022page-2\u0022\u003E\r\n                                                                      \r\n          \u003Cdiv class=\u0022item new-item-1556658  destacat col-0\u0022\u003E\r\n            \u003Cdiv\u003E\r\n                                                          \r\n              \r\n                              \u003Cdiv class=\u0022media-destacat\u0022\u003E\r\n                  \u003Cdiv class=\u0022embed-responsive embed-responsive-16by9\u0022\u003E\r\n                    \u003Cimg src=\u0022https:\/\/pro-gestornoticies-dtibcn-cat.s3.amazonaws.com\/gestornoticies-pro\/media\/OBSERVATORI-MIGRACIONS-54-570x321.jpg\u0022\r\n                         class=\u0022embed-responsive-item\u0022\r\n                         alt=\u0022\u0022\r\n                         style=\u0022max-width: 100%; max-height:100%\u0022\r\n                      \/\u003E\r\n                  \u003C\/div\u003E\r\n                \u003C\/div\u003E\r\n              \r\n              \u003Cdiv class=\u0022media-content\u0022\u003E\r\n                \u003Ch3\u003E\u003Ca href=\u0022\/en\/noticia\/the-barcelona-observatory-on-migration-and-refuge-starts-life_1556658\u0022\u003EThe Barcelona Observatory on Migration and Refuge starts life\u003C\/a\u003E\u003C\/h3\u003E\r\n                \u003Cp class=\u0022date-new\u0022\u003EWed, 01\/10\/2025 - 10:38\u003C\/p\u003E\r\n                \u003Cp class=\u0022text-new\u0022\u003E\r\n                                    The first report is presented from the Barcelona Observatory on Migration and Refuge, a body which must analyse the impact of diversity in the city and help design more effective policies.                \u003C\/p\u003E\r\n                              \u003C\/div\u003E \u003C!-- \/.media-content --\u003E\r\n            \u003C\/div\u003E\r\n          \u003C\/div\u003E \u003C!-- \/.item --\u003E\r\n\r\n                                                                      \r\n          \u003Cdiv class=\u0022item new-item-1546425  destacat col-1\u0022\u003E\r\n            \u003Cdiv\u003E\r\n                                                          \r\n              \r\n                              \u003Cdiv class=\u0022media-destacat\u0022\u003E\r\n                  \u003Cdiv class=\u0022embed-responsive embed-responsive-16by9\u0022\u003E\r\n                    \u003Cimg src=\u0022https:\/\/pro-gestornoticies-dtibcn-cat.s3.amazonaws.com\/gestornoticies-pro\/media\/IMG_09091-570x321_avx6Rfp.jpg\u0022\r\n                         class=\u0022embed-responsive-item\u0022\r\n                         alt=\u0022IMG_0909(1)\u0022\r\n                         style=\u0022max-width: 100%; max-height:100%\u0022\r\n                      \/\u003E\r\n                  \u003C\/div\u003E\r\n                \u003C\/div\u003E\r\n              \r\n              \u003Cdiv class=\u0022media-content\u0022\u003E\r\n                \u003Ch3\u003E\u003Ca href=\u0022\/en\/noticia\/gaza-and-the-cities-of-palestine-become-barcelonas-district-11_1546425\u0022\u003EGaza and the cities of Palestine become Barcelona\u2019s District 11\u003C\/a\u003E\u003C\/h3\u003E\r\n                \u003Cp class=\u0022date-new\u0022\u003ETue, 26\/08\/2025 - 16:05\u003C\/p\u003E\r\n                \u003Cp class=\u0022text-new\u0022\u003E\r\n                                    Humanitarian aid contributions to UNRWA will be doubled.                \u003C\/p\u003E\r\n                              \u003C\/div\u003E \u003C!-- \/.media-content --\u003E\r\n            \u003C\/div\u003E\r\n          \u003C\/div\u003E \u003C!-- \/.item --\u003E\r\n\r\n        \r\n      \u003C\/div\u003E \u003C!-- \/.block-content --\u003E\r\n\r\n      \r\n    \r\n","settings":null},{"command":"insert","method":"replaceWith","selector":"#block-actulitat1 .navegacio-news","data":"\r\n  \u003Cdiv class=\u0022navegacio-news\u0022\u003E\r\n    \u003Cul class=\u0022pager\u0022\u003E\r\n      \u003Cli class=\u0022pager-prev\u0022\u003E\u003Ca href=\u0022\/en\/bcn_news_ajax_block\/1\/1\u0022 id=\u0022ajax-link\u0022\u003EPrev.\u003C\/a\u003E\u003C\/li\u003E      \u003Cli class=\u0022pager-next\u0022\u003E\u003Ca href=\u0022\/en\/bcn_news_ajax_block\/3\/1\u0022 id=\u0022ajax-link--2\u0022\u003ENext\u003C\/a\u003E\u003C\/li\u003E    \u003C\/ul\u003E\r\n        \u003Cp\u003E\u003Ca href=\u0022\/en\/noticies?nr=11\u0026amp;lg=en\u0026amp;canal=ciutat-refugi\u0026amp;block_id=1\u0022 class=\u0022altres-link\u0022\u003EAll latest news\u003C\/a\u003E\u003C\/p\u003E\r\n  \u003C\/div\u003E\r\n","settings":null}]